{"id":5851,"date":"2018-05-14T18:21:20","date_gmt":"2018-05-14T22:21:20","guid":{"rendered":"https:\/\/iclmg.srv2.cfshosting.ca\/fr\/?p=5851"},"modified":"2025-05-02T14:59:50","modified_gmt":"2025-05-02T18:59:50","slug":"ce-que-nous-avons-fait-jusqua-maintenant-en-2018","status":"publish","type":"post","link":"https:\/\/iclmg.ca\/fr\/ce-que-nous-avons-fait-jusqua-maintenant-en-2018\/","title":{"rendered":"Ce que nous avons fait jusqu&#8217;\u00e0 maintenant en 2018!"},"content":{"rendered":"<div>\n<div>\n<div>\n<div>\n<p>Les quatre premiers mois de 2018 ont \u00e9t\u00e9 occup\u00e9s! Voici quelques faits saillants depuis le d\u00e9but de l&#8217;ann\u00e9e que vous avez peut-\u00eatre manqu\u00e9s:<\/p>\n<h2><strong>Retour de Hassan Diab &amp; lettre ouverte!<\/strong><\/h2>\n<p><span style=\"font-size: 1rem;\">Apr\u00e8s trois ans et deux mois de d\u00e9tention &#8211; sans accusation &#8211; en isolement en France, Hassan est enfin revenu au Canada le 15 janvier 2018. Nous sommes fier.es d&#8217;avoir contribu\u00e9, depuis ses d\u00e9buts, \u00e0 la campagne pour obtenir justice pour Hassan Diab. La lutte n&#8217;est pas termin\u00e9e : les procureurs fran\u00e7ais ont fait appel de sa lib\u00e9ration.\u00a0<\/span><\/p>\n<p>Nous avons r\u00e9cemment envoy\u00e9 <a href=\"http:\/\/iclmg.ca\/fr\/lettre-ouverte-au-premier-ministre-trudeau-une-enquete-independante-et-publique-sur-le-cas-du-dr-hassan-diab-est-necessaire\/\" target=\"_blank\" rel=\"noopener\">une lettre ouverte au Premier ministre Trudeau demandant la tenue d&#8217;une enqu\u00eate ind\u00e9pendante et publique<\/a> sur l&#8217;\u00e9preuve qu&#8217;Hassan Diab a subi, afin que cet abus et cette injustice ne se reproduisent jamais. Regardez notre vid\u00e9o de la conf\u00e9rence de presse d&#8217;Hassan apr\u00e8s son retour:<\/p>\n<\/div>\n<div>\n<div>\n<div><\/div>\n<div><a class=\"imgCaptionAnchor\" href=\"https:\/\/www.facebook.com\/iclmg.csilc\/videos\/1799672583377310\" target=\"_blank\" rel=\"noopener\"><img decoding=\"async\" class=\"cc-image-resize\" src=\"http:\/\/files.constantcontact.com\/afb8b23a201\/ab97b3de-a72c-4b15-a59d-086d658fb776.png\" width=\"588\" border=\"0\" hspace=\"0\" vspace=\"5\" \/><\/a><\/div>\n<\/div>\n<div>\n<div>\n<div align=\"center\">\n<h1><a href=\"http:\/\/iclmg.ca\/fr\/donner\/\" target=\"_blank\" rel=\"noopener\">Aidez-nous \u00e0 obtenir encore plus de victoires!<\/a><strong>\u00a0<\/strong><\/h1>\n<\/div>\n<\/div>\n<\/div>\n<\/div>\n<\/div>\n<div>\n<h2>Projet de loi C-59 : \u00c9ditorial, amendments &amp; nouvelle action<\/h2>\n<div>\n<div>\n<p><span class=\"MainText\">Notre coordonnateur national, Tim McSorley, a tweet\u00e9 en direct toutes les r\u00e9unions du comit\u00e9 de la s\u00e9curit\u00e9 publique sur C-59, la <em>Loi sur la s\u00e9curit\u00e9 nationale de 2017<\/em>, o\u00f9 les membres du comit\u00e9 ont vot\u00e9 sur les amendements propos\u00e9s apr\u00e8s avoir entendu tous les t\u00e9moignages. Voici un <a href=\"http:\/\/iclmg.ca\/happened-bill-c-59-committee\/\" target=\"_blank\" rel=\"noopener\">r\u00e9sum\u00e9 des r\u00e9unions et des amendements adopt\u00e9s et rejet\u00e9s<\/a>.<\/span><\/p>\n<p>Tim et la directrice des politiques de la BCCLA, Micheal Vonn, ont \u00e9crit un <a href=\"https:\/\/ipolitics.ca\/article\/what-canadians-need-to-know-about-fixing-national-security\/\" target=\"_blank\" rel=\"noopener\">\u00e9ditorial<\/a>d\u00e9non\u00e7ant trois des principaux probl\u00e8mes avec le projet de loi C-59. Nous avons \u00e9galement lanc\u00e9 une <a href=\"http:\/\/iclmg.ca\/fr\/modifier-c59\/\" target=\"_blank\" rel=\"noopener\">nouvelle action<\/a> pour modifier C-59 et prot\u00e9ger nos droits et libert\u00e9s.<\/p>\n<p><a class=\"imgCaptionAnchor\" href=\"http:\/\/iclmg.ca\/fr\/modifier-c59\/\" target=\"_blank\" rel=\"noopener\"><img decoding=\"async\" src=\"http:\/\/files.constantcontact.com\/afb8b23a201\/0d70c571-ce47-4d33-b664-2a14fb255081.jpg\" width=\"588\" border=\"0\" vspace=\"5\" \/><\/a><\/p>\n<\/div>\n<h2><strong>Nous avons lanc\u00e9 notre dernier vid\u00e9o explicatif sur le projet de loi C-59!<\/strong><\/h2>\n<\/div>\n<\/div>\n<p>Non seulement le projet de loi C-59 ne corrige pas le projet de loi C-51, mais il ajoute d&#8217;\u00e9normes pouvoirs de cyberattaques et de surveillance de masse, ainsi que l&#8217;immunit\u00e9 face \u00e0 la loi pour nos agences d&#8217;espionnage! Visionnez le vid\u00e9o pour plus de d\u00e9tails.<\/p>\n<p><a href=\"http:\/\/iclmg.ca\/fr\/documents-2\/videos\/\" target=\"_blank\" rel=\"noopener\">Regardez tous nos vid\u00e9os sur C-59<\/a>. N&#8217;h\u00e9sitez pas \u00e0 partager le vid\u00e9o ci-dessous sur <a href=\"https:\/\/www.facebook.com\/iclmg.csilc\/videos\/1830021750342393\/\" target=\"_blank\" rel=\"noopener\">Facebook<\/a> et <a href=\"https:\/\/twitter.com\/ICLMG\/status\/963889491932012544\" target=\"_blank\" rel=\"noopener\">Twitter<\/a>, et \u00e0 vous <a href=\"https:\/\/www.youtube.com\/channel\/UCpDyTMikjAwrWoJfTehWb7g\" target=\"_blank\" rel=\"noopener\">abonner \u00e0 notre cha\u00eene YouTube<\/a> afin de savoir lorsque nos prochains vid\u00e9os seront mis en ligne.<\/p>\n<\/div>\n<div>\n<table class=\"OneColumnMobile\" width=\"588\" cellspacing=\"0\" cellpadding=\"0\" align=\"center\">\n<tbody>\n<tr>\n<td colspan=\"1\" rowspan=\"1\" width=\"100%\">\n<div align=\"center\"><a class=\"imgCaptionAnchor\" href=\"https:\/\/www.youtube.com\/watch?v=kDK7LDviZ2s&amp;index=4&amp;list=PLi5PNbKnkjHq93DbOo-GcwFwvzPeCVCbB\" target=\"_blank\" rel=\"noopener\"><img decoding=\"async\" src=\"https:\/\/thumbnail.constantcontact.com\/remoting\/v1\/vthumb\/YOUTUBE\/06764dc7de4e43b28c206e3543e44d05\" width=\"588\" border=\"0\" hspace=\"0\" vspace=\"0\" \/><\/a><\/div>\n<\/td>\n<\/tr>\n<\/tbody>\n<\/table>\n<h2><strong>Nous avons soumis notre m\u00e9moire et avons t\u00e9moign\u00e9 devant le Comit\u00e9 de la s\u00e9curit\u00e9 publique sur le projet de loi C-59!<br \/>\n<\/strong><\/h2>\n<div>Nous avons soumis une analyse approfondie du projet de loi C-59 au Comit\u00e9 permanent de la s\u00e9curit\u00e9 publique et nationale (SECU) de la Chambre des Communes. Dans notre m\u00e9moire, nous pr\u00e9sentons des recommandations, des suggestions et des domaines d&#8217;examen r\u00e9alistes et n\u00e9cessaires qui, \u00e0 notre avis, contribueront \u00e0 renforcer non seulement les droits des Canadien.nes, mais aussi notre s\u00e9curit\u00e9. Un r\u00e9sum\u00e9 de nos recommandations est r\u00e9pertori\u00e9 <a href=\"http:\/\/iclmg.ca\/fr\/notre-memoire-au-comite-secu-sur-c-59-la-loi-sur-la-securite-nationale-de-2017\/\" target=\"_blank\" rel=\"noopener\">ici<\/a>. Vous pouvez lire le m\u00e9moire complet <a href=\"http:\/\/www.noscommunes.ca\/Content\/Committee\/421\/SECU\/Brief\/BR9662027\/br-external\/ICLMG-9755697-f.pdf\" target=\"_blank\" rel=\"noopener\">ici<\/a>. Et le partager sur <a href=\"https:\/\/www.facebook.com\/iclmg.csilc\/posts\/1815063265171575\" target=\"_blank\" rel=\"noopener\">Facebook<\/a> et <a href=\"https:\/\/twitter.com\/ICLMG\/status\/958740437916897281\" target=\"_blank\" rel=\"noopener\">Twitter<\/a>.<\/div>\n<div>\n<table class=\"OneColumnMobile\" width=\"588\" cellspacing=\"0\" cellpadding=\"0\" align=\"center\">\n<tbody>\n<tr>\n<td colspan=\"1\" rowspan=\"1\" width=\"100%\">\n<div align=\"center\"><a class=\"imgCaptionAnchor\" href=\"http:\/\/parlvu.parl.gc.ca\/XRender\/fr\/PowerBrowser\/PowerBrowserV2\/20180208\/-1\/28660?Language=French&amp;Stream=Video&amp;useragent=Mozilla\/5.0%20(Macintosh;%20Intel%20Mac%20OS%20X%2010_10_5)%20AppleWebKit\/603.3.8%20(KHTML,%20like%20Gecko)%20Version\/10.1.2%20Safari\/603.3.8\" target=\"_blank\" rel=\"noopener\"><img decoding=\"async\" src=\"https:\/\/thumbnail.constantcontact.com\/remoting\/v1\/vthumb\/YOUTUBE\/c13ac69db1274acb8ff8982cf6b5f2cf\" width=\"588\" border=\"0\" hspace=\"0\" vspace=\"0\" \/><\/a><\/div>\n<\/td>\n<\/tr>\n<\/tbody>\n<\/table>\n<\/div>\n<div>\n<div>\n<div align=\"center\">\n<h1><a href=\"http:\/\/iclmg.ca\/fr\/donner\/\" target=\"_blank\" rel=\"noopener\">Nous avons besoin de votre aide pour que<br \/>\n<\/a><strong><a href=\"http:\/\/iclmg.ca\/fr\/donner\/\" target=\"_blank\" rel=\"noopener\">C-59 prot\u00e8ge nos droits et libert\u00e9s!<\/a>\u00a0<\/strong><\/h1>\n<\/div>\n<\/div>\n<div>\n<h2 style=\"text-align: left;\" align=\"center\">Comm\u00e9moration du 29 janvier et ressources contre l&#8217;islamophobie<\/h2>\n<\/div>\n<\/div>\n<div>\n<div>\n<p><span style=\"font-size: 1rem;\">Le 29 janvier 2018 marquait le premier anniversaire de l&#8217;attaque de la mosqu\u00e9e de Qu\u00e9bec qui a tu\u00e9 six hommes et bless\u00e9 19 personnes. La CSILC s&#8217;engage \u00e0 combattre l&#8217;islamophobie, \u00e0 la fois cause et cons\u00e9quence des fondements et de l&#8217;application racistes de la s\u00e9curit\u00e9 nationale. Pour souligner cette journ\u00e9e importante, nous avons assist\u00e9 aux \u00e9v\u00e9nements comm\u00e9moratifs au Monument des droits de la personne et \u00e0 l&#8217;h\u00f4tel de ville d&#8217;Ottawa. Nous avons appuy\u00e9 l&#8217;appel de notre organisation membre, le Conseil national des musulmans canadiens, pour que le 29 janvier soit d\u00e9sign\u00e9 Journ\u00e9e nationale de comm\u00e9moration et d&#8217;action contre l&#8217;islamophobie. Voici une <\/span><a style=\"font-size: 1rem;\" href=\"http:\/\/iclmg.ca\/fr\/ressources-contre-lislamophobie\/\" target=\"_blank\" rel=\"noopener\">liste de ressources<\/a><span style=\"font-size: 1rem;\"> pour contribuer \u00e0 la lutte contre la haine et pour l&#8217;\u00e9galit\u00e9.<\/span><\/p>\n<div>\n<div id=\"attachment_10900\" style=\"width: 2570px\" class=\"wp-caption alignright\"><img loading=\"lazy\" decoding=\"async\" aria-describedby=\"caption-attachment-10900\" class=\"size-full wp-image-10900\" src=\"https:\/\/iclmg.ca\/wp-content\/uploads\/2018\/01\/End-Islamophobia-Union-Station-Lorie-Shaull-Flickr-CC-BY-scaled.jpg\" alt=\"\" width=\"2560\" height=\"1707\" srcset=\"https:\/\/iclmg.ca\/wp-content\/uploads\/2018\/01\/End-Islamophobia-Union-Station-Lorie-Shaull-Flickr-CC-BY-scaled.jpg 2560w, https:\/\/iclmg.ca\/wp-content\/uploads\/2018\/01\/End-Islamophobia-Union-Station-Lorie-Shaull-Flickr-CC-BY-768x512.jpg 768w, https:\/\/iclmg.ca\/wp-content\/uploads\/2018\/01\/End-Islamophobia-Union-Station-Lorie-Shaull-Flickr-CC-BY-1536x1024.jpg 1536w, https:\/\/iclmg.ca\/wp-content\/uploads\/2018\/01\/End-Islamophobia-Union-Station-Lorie-Shaull-Flickr-CC-BY-2048x1365.jpg 2048w, https:\/\/iclmg.ca\/wp-content\/uploads\/2018\/01\/End-Islamophobia-Union-Station-Lorie-Shaull-Flickr-CC-BY-624x416.jpg 624w\" sizes=\"auto, (max-width: 2560px) 100vw, 2560px\" \/><p id=\"caption-attachment-10900\" class=\"wp-caption-text\">Credit: Lorie Shaull\/Flickr CC BY<\/p><\/div>\n<\/div>\n<div>\n<h2><strong>Soutien \u00e0 l&#8217;action contre le barrage \u00e0 Muskrat Falls\u00a0<\/strong><\/h2>\n<\/div>\n<p>Nous d\u00e9non\u00e7ons la criminalisation des Protecteurs des terres du Labrador et de leurs alli\u00e9.es, ainsi que la criminalisation du journaliste Justin Brake &#8211; une violation sans pr\u00e9c\u00e9dent de la libert\u00e9 de la presse dans l&#8217;histoire r\u00e9cente canadienne &#8211; qui documentait les manifestations contre le projet de barrage \u00e0 Muskrat Falls. Ce dernier menace d&#8217;empoisonner ou de noyer les gens qui vivent en aval du barrage. Lundi, des Protecteurs des terres du Labrador se sont rendu.es sur la colline du Parlement afin de livrer les photos des personnes dont la vie est mise en danger par tous les d\u00e9put\u00e9s f\u00e9d\u00e9raux qui appuient le projet de barrage au co\u00fbt de 9,2 milliards de dollars. Nous avons soutenu l&#8217;action en la publicisant et en la filmant en direct toute la journ\u00e9e. Regardez l&#8217;action principale sur la colline ci-dessous, et les quatre vid\u00e9os de toute la journ\u00e9e d&#8217;action <a href=\"https:\/\/www.facebook.com\/pg\/iclmg.csilc\/videos\/\" target=\"_blank\" rel=\"noopener\">ici<\/a>:<\/p>\n<\/div>\n<div>\n<div>\n<div align=\"center\"><a class=\"imgCaptionAnchor\" href=\"https:\/\/www.facebook.com\/iclmg.csilc\/videos\/1918881971456370\/\" target=\"_blank\" rel=\"noopener\"><img decoding=\"async\" src=\"http:\/\/files.constantcontact.com\/afb8b23a201\/3bd44bbb-d038-4eda-943d-1539b6abc201.png\" width=\"588\" border=\"0\" vspace=\"5\" \/><\/a><\/div>\n<\/div>\n<div>\n<h2><strong>Justice pour Mariano Abarca \u00a0<\/strong><\/h2>\n<div>\n<p>Nous avons soutenu des actions de sensibilisation et de justice pour Mariano Abarca, un leader dans la lutte de sa communaut\u00e9 contre les impacts sociaux et environnementaux des activit\u00e9s mini\u00e8res d&#8217;une entreprise canadienne qui a \u00e9t\u00e9 assassin\u00e9 il y a huit ans. Tous les suspects de son meurtre \u00e9taient li\u00e9s \u00e0 la compagnie Blackfire Exploration de Calgary; il n&#8217;y a jamais eu d&#8217;enqu\u00eate compl\u00e8te et impartiale. Une plainte a \u00e9t\u00e9 d\u00e9pos\u00e9e aupr\u00e8s du Commissaire \u00e0 l&#8217;int\u00e9grit\u00e9 du secteur public du Canada en raison de documents obtenus gr\u00e2ce \u00e0 une demande d&#8217;acc\u00e8s \u00e0 l&#8217;information montrant que l&#8217;ambassade du Canada au Mexique a appuy\u00e9 Blackfire de fa\u00e7on intensive. L&#8217;ambassade est maintenant accus\u00e9e d&#8217;\u00eatre impliqu\u00e9e dans la mort d&#8217;Abarca. Regardez le panel ci-dessous que nous avons diffus\u00e9 en direct pour plus de d\u00e9tails et <a href=\"http:\/\/justice4mariano.net\/\" target=\"_blank\" rel=\"noopener\">agissez<\/a>.<\/p>\n<div>\n<div>\n<table class=\"OneColumnMobile\" width=\"588\" cellspacing=\"0\" cellpadding=\"0\" align=\"center\">\n<tbody>\n<tr>\n<td colspan=\"1\" rowspan=\"1\" width=\"100%\">\n<div align=\"center\"><a class=\"imgCaptionAnchor\" href=\"https:\/\/www.youtube.com\/watch?v=LvwKohIx3iM&amp;feature=youtu.be\" target=\"_blank\" rel=\"noopener\"><img decoding=\"async\" src=\"https:\/\/thumbnail.constantcontact.com\/remoting\/v1\/vthumb\/YOUTUBE\/a0b4ec88d8a3408993f1d190393541c1\" width=\"588\" border=\"0\" hspace=\"0\" vspace=\"0\" \/><\/a><\/div>\n<\/td>\n<\/tr>\n<\/tbody>\n<\/table>\n<div align=\"center\"><strong>Soutenez notre travail sur:<\/strong><\/div>\n<div align=\"center\"><a class=\"imgCaptionAnchor\" href=\"https:\/\/www.patreon.com\/iclmg\" target=\"_blank\" rel=\"noopener\"><img loading=\"lazy\" decoding=\"async\" src=\"http:\/\/files.constantcontact.com\/afb8b23a201\/6c9e15aa-fe8f-4b74-af67-01977e4ec440.png\" width=\"460\" height=\"108\" border=\"0\" hspace=\"5\" vspace=\"5\" \/><\/a><\/div>\n<\/div>\n<p><span style=\"font-size: 1rem;\">\u00a0<\/span><\/p>\n<\/div>\n<\/div>\n<\/div>\n<\/div>\n<\/div>\n<h2><strong>Recours pour les #NoFlyListKids!<\/strong><\/h2>\n<p>Nous sommes fier.es d&#8217;avoir soutenu le groupe #NoFlyKids dans la lutte pour un syst\u00e8me de r\u00e9paration des faux positifs. Ils ont fait un travail incroyable! La CSILC, parmi d&#8217;autres d\u00e9fenseurs, r\u00e9clame depuis longtemps un syst\u00e8me de recours centralis\u00e9 pour les personnes qui ont le m\u00eame nom qu&#8217;une personne sur la liste d&#8217;interdiction de vol du Canada. Cependant, un syst\u00e8me de recours n&#8217;est pas suffisant pour pallier aux violations des droits humains caus\u00e9es par la liste. La CSILC continuera donc d&#8217;exhorter le Parlement \u00e0 abroger la liste d&#8217;interdiction de vol, notamment en modifiant le projet de loi C-59, la Loi de 2017 sur la s\u00e9curit\u00e9 nationale. <a href=\"http:\/\/iclmg.ca\/fr\/le-financement-dun-mecanisme-de-recours-nest-quun-premier-pas-vers-la-resolution-des-problemes-de-la-liste-dinterdiction-de-vol-du-canada-selon-une-coalition-pour-la-defe\/\" target=\"_blank\" rel=\"noopener\">Lisez notre communiqu\u00e9 de presse<\/a>.<\/p>\n<p><img loading=\"lazy\" decoding=\"async\" class=\"size-full wp-image-10292\" src=\"https:\/\/iclmg.ca\/wp-content\/uploads\/2024\/09\/Page-31-No-Fly-List-Kids-Hotel-Lobby-IMG-20240827-WA0000.jpg\" alt=\"\" width=\"960\" height=\"718\" srcset=\"https:\/\/iclmg.ca\/wp-content\/uploads\/2024\/09\/Page-31-No-Fly-List-Kids-Hotel-Lobby-IMG-20240827-WA0000.jpg 960w, https:\/\/iclmg.ca\/wp-content\/uploads\/2024\/09\/Page-31-No-Fly-List-Kids-Hotel-Lobby-IMG-20240827-WA0000-768x574.jpg 768w, https:\/\/iclmg.ca\/wp-content\/uploads\/2024\/09\/Page-31-No-Fly-List-Kids-Hotel-Lobby-IMG-20240827-WA0000-624x467.jpg 624w\" sizes=\"auto, (max-width: 960px) 100vw, 960px\" \/><\/p>\n<h2><span class=\"HeadlineText\"><strong>Soutien \u00e0 l&#8217;action Stand with Honduras!<\/strong><\/span><\/h2>\n<p>Le 1er mai, la CSILC a particip\u00e9, aux c\u00f4t\u00e9s de plusieurs autres individus et groupes, \u00e0 un rassemblement sur la Colline du Parlement, et a diffus\u00e9 en direct un panel en soir\u00e9e pour appuyer la campagne pour la lib\u00e9ration de prisonniers politiques au Honduras et pour que justice soit rendue dans l&#8217;assassinat de la d\u00e9fenseure de la terre Berta Caceres. Visionnez l&#8217;intervention de la coordinatrice du Honduras Solidarity Network, Karen Spring, lors du rassemblement <a href=\"https:\/\/www.facebook.com\/iclmg.csilc\/videos\/1912308765447024\/\" target=\"_blank\" rel=\"noopener\">ici<\/a>, le bref discours de notre Coordonnateur national Tim McSorley au rassemblement <a href=\"https:\/\/www.facebook.com\/iclmg.csilc\/videos\/1912332238778010\/\" target=\"_blank\" rel=\"noopener\">ici<\/a>, et le panel de la soir\u00e9e <a href=\"https:\/\/www.facebook.com\/iclmg.csilc\/videos\/1912749892069578\/\" target=\"_blank\" rel=\"noopener\">ici<\/a>. Et agissez <a href=\"https:\/\/simcoecountyhondurasrightsmonitor.files.wordpress.com\/2018\/01\/take-action1.pdf\" target=\"_blank\" rel=\"noopener\">ici<\/a>!<br \/>\n<img decoding=\"async\" src=\"http:\/\/files.constantcontact.com\/afb8b23a201\/fa2d4d4f-0183-4a47-864c-f113d984c26d.png\" width=\"588\" border=\"0\" vspace=\"5\" \/><\/p>\n<\/div>\n<\/div>\n<h2><strong>Nous avons pr\u00e9sent\u00e9 devant le SCFP\u00a0<\/strong><\/h2>\n<div>Notre coordonnateur national, Tim McSorley, a pr\u00e9sent\u00e9 le travail de la CSILC, particuli\u00e8rement sur le projet de loi C-59, la <em>Loi de 2017 sur la s\u00e9curit\u00e9 nationale<\/em>, lors d&#8217;une r\u00e9union du Comit\u00e9 national de la justice mondiale du Syndicat canadien de la fonction publique (SCFP), une de nos organisations membres. Les repr\u00e9sentant.es du SCFP de partout au pays ont renouvel\u00e9 leur engagement en faveur de la protection et de la promotion des libert\u00e9s civiles.<br \/>\n<img decoding=\"async\" class=\"cc-image-resize\" src=\"http:\/\/files.constantcontact.com\/afb8b23a201\/6b87cd1a-c3d2-4148-9df9-f88c772096d1.jpg\" width=\"588\" border=\"0\" hspace=\"0\" vspace=\"5\" \/><\/div>\n<div>\n<div>\n<h2><strong><br \/>\nNous avons pr\u00e9sent\u00e9 \u00e0 l&#8217;assembl\u00e9e du Conseil de l&#8217;ACPPU<\/strong><\/h2>\n<p>Xan Dagenais, notre coordonnatrice aux communications et \u00e0 la recherche, et Kevin Malseed, co-pr\u00e9sident du comit\u00e9 directeur de la CSILC et directeur de programme \u00e0 Inter Pares, ont pr\u00e9sent\u00e9 le travail, les victoires et les prochaines campagnes de la CSILC \u00e0 l&#8217;assembl\u00e9e du Conseil de l&#8217;Association canadienne des professeures et professeurs d&#8217;universit\u00e9. L&#8217;ACPPU est un membre de longue date de la CSILC.<\/p>\n<p><img decoding=\"async\" src=\"http:\/\/files.constantcontact.com\/afb8b23a201\/1fe54ef4-bc78-4c98-b81c-635ff81f00a4.jpg\" width=\"588\" border=\"0\" vspace=\"5\" \/><\/p>\n<\/div>\n<h2><strong>Notre Revue de l&#8217;actualit\u00e9<\/strong><\/h2>\n<\/div>\n<div>\n<p>Nous continuons \u00e0 publier notre Revue de l&#8217;actualit\u00e9 hebdomadaire que vous recevez toutes et tous. Si vous connaissez une ou des personnes qui s&#8217;int\u00e9ressent \u00e0 la s\u00e9curit\u00e9 nationale et\/ou aux droits de la personne, <a href=\"http:\/\/iclmg.ca\/fr\/revue-de-lactualite\/\" target=\"_blank\" rel=\"noopener\">envoyez-leur un message les invitant \u00e0 s&#8217;inscrire<\/a>!<\/p>\n<p>C&#8217;est tout pour 2018 jusqu&#8217;\u00e0 pr\u00e9sent!<\/p>\n<div>\n<h3><strong>Si vous trouvez que notre travail est important, pensez \u00e0 soutenir la CSILC!<\/strong><\/h3>\n<div>\n<p>Nous ne recevons pas de financement d&#8217;aucun gouvernement f\u00e9d\u00e9ral, provincial ou municipal ni de parti politique, nous avons donc besoin de votre soutien pour continuer notre travail. Si vous pr\u00e9f\u00e9rez ne pas utiliser Patreon, ou si vous pr\u00e9f\u00e9rez faire un don unique, cliquez sur le bouton ci-dessous.<\/p>\n<div align=\"center\">\n<p><a class=\"imgCaptionAnchor\" href=\"http:\/\/iclmg.ca\/fr\/donner\/\" target=\"_blank\" rel=\"noopener\"><img loading=\"lazy\" decoding=\"async\" class=\"cc-image-resize\" src=\"http:\/\/files.constantcontact.com\/afb8b23a201\/16f27f5c-39ed-4904-8e2c-e8012d01885d.png\" width=\"454\" height=\"154\" border=\"0\" hspace=\"5\" vspace=\"5\" \/><\/a><\/p>\n<\/div>\n<p>Merci de votre soutien dans la protection des libert\u00e9s civiles!<\/p>\n<p>&#8211; Xan et Tim<\/p>\n<p>PS: Pour ce que nous avons fait depuis la cr\u00e9ation de la CSILC en 2002, consultez notre page <a href=\"http:\/\/iclmg.ca\/fr\/a-propos\/realisations-et-acquis\/\" target=\"_blank\" rel=\"noopener\">R\u00e9alisations et gains<\/a>!<\/p>\n<p>PPS: Si vous ne l&#8217;avez pas d\u00e9j\u00e0 fait, suivez-nous sur nos r\u00e9seaux sociaux:<\/p>\n<div>\n<p><a class=\"imgCaptionAnchor\" href=\"https:\/\/www.facebook.com\/iclmg.csilc\" target=\"_blank\" rel=\"noopener\"><img decoding=\"async\" src=\"http:\/\/files.constantcontact.com\/afb8b23a201\/77ffd100-f879-4d7a-90a5-b0030b275101.png\" width=\"588\" border=\"0\" hspace=\"0\" vspace=\"5\" \/><\/a><\/p>\n<p><a class=\"imgCaptionAnchor\" href=\"https:\/\/twitter.com\/iclmg\" target=\"_blank\" rel=\"noopener\"><img decoding=\"async\" class=\"cc-image-resize\" src=\"http:\/\/files.constantcontact.com\/afb8b23a201\/f46e0c38-9f70-4125-97f3-5b74f1c94c4f.jpg\" width=\"588\" border=\"0\" hspace=\"0\" vspace=\"5\" \/><\/a><\/p>\n<\/div>\n<\/div>\n<\/div>\n<\/div>\n","protected":false},"excerpt":{"rendered":"<p>Les quatre premiers mois de 2018 ont \u00e9t\u00e9 occup\u00e9s! Voici quelques faits saillants depuis le d\u00e9but de l&#8217;ann\u00e9e que vous avez peut-\u00eatre manqu\u00e9s: Retour de Hassan Diab &amp; lettre ouverte! Apr\u00e8s trois ans et deux mois de d\u00e9tention &#8211; sans accusation &#8211; en isolement en France, Hassan est enfin revenu au Canada le 15 janvier [&hellip;]<\/p>\n","protected":false},"author":44,"featured_media":0,"comment_status":"closed","ping_status":"closed","sticky":false,"template":"","format":"standard","meta":{"_acf_changed":false,"jetpack_post_was_ever_published":false,"_jetpack_newsletter_access":"","_jetpack_dont_email_post_to_subs":false,"_jetpack_newsletter_tier_id":0,"_jetpack_memberships_contains_paywalled_content":false,"_jetpack_memberships_contains_paid_content":false,"footnotes":""},"categories":[6],"tags":[],"class_list":["post-5851","post","type-post","status-publish","format-standard","hentry","category-nouvelles-de-la-csilc","nouvelles-de-la-csilc"],"acf":[],"jetpack_featured_media_url":"","jetpack_shortlink":"https:\/\/wp.me\/p4gT3y-1wn","jetpack_sharing_enabled":true,"_links":{"self":[{"href":"https:\/\/iclmg.ca\/fr\/wp-json\/wp\/v2\/posts\/5851","targetHints":{"allow":["GET"]}}],"collection":[{"href":"https:\/\/iclmg.ca\/fr\/wp-json\/wp\/v2\/posts"}],"about":[{"href":"https:\/\/iclmg.ca\/fr\/wp-json\/wp\/v2\/types\/post"}],"author":[{"embeddable":true,"href":"https:\/\/iclmg.ca\/fr\/wp-json\/wp\/v2\/users\/44"}],"replies":[{"embeddable":true,"href":"https:\/\/iclmg.ca\/fr\/wp-json\/wp\/v2\/comments?post=5851"}],"version-history":[{"count":0,"href":"https:\/\/iclmg.ca\/fr\/wp-json\/wp\/v2\/posts\/5851\/revisions"}],"wp:attachment":[{"href":"https:\/\/iclmg.ca\/fr\/wp-json\/wp\/v2\/media?parent=5851"}],"wp:term":[{"taxonomy":"category","embeddable":true,"href":"https:\/\/iclmg.ca\/fr\/wp-json\/wp\/v2\/categories?post=5851"},{"taxonomy":"post_tag","embeddable":true,"href":"https:\/\/iclmg.ca\/fr\/wp-json\/wp\/v2\/tags?post=5851"}],"curies":[{"name":"wp","href":"https:\/\/api.w.org\/{rel}","templated":true}]}}