{"id":5825,"date":"2018-05-08T14:33:43","date_gmt":"2018-05-08T18:33:43","guid":{"rendered":"https:\/\/iclmg.srv2.cfshosting.ca\/fr\/?p=5825"},"modified":"2025-02-05T11:24:22","modified_gmt":"2025-02-05T16:24:22","slug":"lettre-ouverte-au-premier-ministre-trudeau-une-enquete-independante-et-publique-sur-le-cas-du-dr-hassan-diab-est-necessaire","status":"publish","type":"post","link":"https:\/\/iclmg.ca\/fr\/lettre-ouverte-au-premier-ministre-trudeau-une-enquete-independante-et-publique-sur-le-cas-du-dr-hassan-diab-est-necessaire\/","title":{"rendered":"Lettre ouverte au Premier Ministre Trudeau: Une enqu\u00eate ind\u00e9pendante et publique sur le cas du Dr Hassan Diab est n\u00e9cessaire"},"content":{"rendered":"<p>La Coalition pour la surveillance internationale des libert\u00e9s civiles ajoute son appui \u00e0 l&#8217;appel pour une enqu\u00eate ind\u00e9pendante et publique sur le cas du Dr Hassan Diab. Vous pouvez lire notre lettre ouverte au Premier Ministre Justin Trudeau ci-dessous (t\u00e9l\u00e9chargez le <a href=\"http:\/\/iclmg.ca\/wp-content\/uploads\/2018\/05\/Lettre_enqu\u00eate_Diab_CSILC_080518.pdf\" target=\"_blank\" rel=\"noopener\">PDF<\/a>).<\/p>\n<p>Pour ajouter votre appui, visitez\u00a0<a href=\"http:\/\/www.justiceforhassandiab.org\/call-for-public-inquiry-and-reforming-extradition-law\" target=\"_blank\" rel=\"noopener\">Justice pour Hassan Diab<\/a>.<\/p>\n<p>7 mai 2018<\/p>\n<p>Le tr\u00e8s honorable Justin Trudeau<br \/>\nPremier Ministre<br \/>\nChambre des Communes<br \/>\nOttawa, ON\u00a0\u00a0\u00a0 K1A 0G2<\/p>\n<p>Cher Premier Ministre Trudeau,<\/p>\n<p>Nous vous \u00e9crivons cette lettre ouverte aujourd&#8217;hui au nom de la Coalition pour la surveillance internationale des libert\u00e9s civiles, une coalition de 45 organisations de la soci\u00e9t\u00e9 civile \u00e0 travers le Canada, afin d&#8217;exhorter votre gouvernement \u00e0 instaurer une enqu\u00eate compl\u00e8te, ind\u00e9pendante et publique sur le cas du Dr Hassan Diab.<\/p>\n<p>Nous sommes tr\u00e8s pr\u00e9occup\u00e9s par les r\u00e9centes r\u00e9v\u00e9lations voulant qu&#8217;un fonctionnaire du minist\u00e8re de la Justice aurait non seulement aid\u00e9 le gouvernement fran\u00e7ais dans son dossier pour l&#8217;extradition, alors m\u00eame que les \u00e9l\u00e9ments de preuve contre le Dr Diab \u00e9taient discr\u00e9dit\u00e9s, mais il est \u00e9galement accus\u00e9 d&#8217;avoir induit le tribunal en erreur au sujet des communications avec le gouvernement fran\u00e7ais et des raisons derri\u00e8re les longs ajournements. Cela s&#8217;ajoute aux fonctionnaires qui auraient cach\u00e9 \u00e0 la cour et aux avocats du Dr Diab des preuves importantes\u2014 des empreintes digitales \u2014 qui auraient pu innocenter ce dernier.<\/p>\n<p>Ces s\u00e9rieuses all\u00e9gations ne font qu&#8217;ajouter aux graves circonstances de l&#8217;extradition du Dr Diab en France. M\u00eame avant ces derni\u00e8res all\u00e9gations, il y avait lieu de demander une enqu\u00eate publique sur l&#8217;affaire du Dr Diab, comme nous l&#8217;avons signal\u00e9 aux membres de votre gouvernement dans des lettres pr\u00e9c\u00e9dentes. En effet, l\u2019affaire contre le Dr Diab incluait des renseignements secrets, provenant d&#8217;un pays tiers, dont la fiabilit\u00e9 et la provenance \u00e9taient totalement inconnues. Cela continue de susciter des inqui\u00e9tudes quant au fait que les renseignements auraient \u00e9t\u00e9 obtenus sous la torture, et des questions se posent quant \u00e0 savoir si de telles informations devraient \u00eatre autoris\u00e9es dans les cas d&#8217;extradition.<\/p>\n<p>Des membres du gouvernement ont exprim\u00e9 leur inqui\u00e9tude face aux r\u00e9v\u00e9lations r\u00e9centes, ainsi que leur soutien \u00e0 une enqu\u00eate interne au minist\u00e8re de la Justice. Bien que nous appr\u00e9cions le s\u00e9rieux exprim\u00e9 dans ces d\u00e9clarations, nous ne pouvons soutenir une enqu\u00eate interne men\u00e9e par le m\u00eame d\u00e9partement d\u2019o\u00f9 proviennent les fonctionnaires qui auraient agi de la sorte.<\/p>\n<p>Pour cette raison, nous vous demandons d&#8217;\u00e9tablir une enqu\u00eate publique ind\u00e9pendante sur l&#8217;affaire du Dr Diab. Nous faisons \u00e9cho \u00e0 la lettre d\u00e9j\u00e0 envoy\u00e9e \u00e0 la ministre Wilson-Raybould par Amnesty International et BCCLA, et demandons qu&#8217;une enqu\u00eate soit men\u00e9e pour examiner:<\/p>\n<ul>\n<li>Les actions des avocats du gouvernement du Canada au cours du processus d&#8217;extradition, y compris le bien-fond\u00e9 de l&#8217;aide fournie au gouvernement fran\u00e7ais, la v\u00e9racit\u00e9 des d\u00e9clarations faites devant le tribunal et les motifs des d\u00e9cisions de ne pas partager avec l&#8217;\u00e9quipe juridique du Dr Diab des preuves qui auraient pu l\u2019innocenter.<\/li>\n<li>Les actions des responsables gouvernementaux lors des trois ann\u00e9es d\u2019emprisonnement du Dr Diab en France, sans inculpation.<\/li>\n<li>Des r\u00e9formes \u00e0 la loi sur l&#8217;extradition afin de rem\u00e9dier aux faiblesses qui ont permis cette extradition m\u00eame si le juge a qualifi\u00e9 l&#8217;affaire contre Dr Diab de tr\u00e8s probl\u00e9matique.<\/li>\n<li>Des r\u00e9parations appropri\u00e9es pour le Dr Diab et sa famille, y compris des excuses officielles et une compensation appropri\u00e9e, pour les actions ou l&#8217;inaction des repr\u00e9sentants canadiens qui ont pu contribuer aux violations des droits de la personne et \u00e0 l\u2019injustice qu&#8217;il a subies.<\/li>\n<\/ul>\n<p>Le Dr Diab a pass\u00e9 plus de trois ans en quasi-isolement en France, apr\u00e8s des ann\u00e9es de surveillance \u00e9lectronique et d&#8217;emprisonnement au Canada \u2014 bien qu&#8217;aucune accusation n&#8217;ait \u00e9t\u00e9 port\u00e9e contre lui en France. Le syst\u00e8me d&#8217;extradition du Canada a failli Dr Diab. Il incombe au gouvernement canadien et \u00e0 vous, en tant que Premier Ministre, de veiller \u00e0 ce que Dr Diab, sa famille et le public canadien re\u00e7oivent des r\u00e9ponses sur ce qui s\u2019est pass\u00e9, et de vous assurer que personne ne subira un destin similaire.<\/p>\n<p>Nous exhortons votre gouvernement \u00e0 mettre en oeuvre l&#8217;enqu\u00eate publique sans d\u00e9lai.<\/p>\n<p>Cordialement,<\/p>\n<p>Tim McSorley<br \/>\nCoordinateur national<br \/>\nCoalition pour la surveillance internationale des libert\u00e9s civiles<\/p>\n<p>Kevin Malseed<br \/>\nCo-pr\u00e9sident<br \/>\nCoalition pour la surveillance internationale des libert\u00e9s civiles<\/p>\n<p>Dominique Peschard<br \/>\nCo-pr\u00e9sident<br \/>\nCoalition pour la surveillance internationale des libert\u00e9s civiles<\/p>\n<p>Cc: L&#8217;honorable Chrystia Freeland, ministre des Affaires \u00e9trang\u00e8res du Canada<br \/>\nL&#8217;honorable Jody Wilson-Raybould, ministre de la Justice et procureure g\u00e9n\u00e9rale du Canada<\/p>\n<table style=\"border-color: #fcfcfc; background-color: #d6d4d4; height: 324px;\" width=\"625\">\n<tbody>\n<tr>\n<td style=\"width: 613px;\">\n<div>\n<h2 class=\"contributions__title contributions__title--epic\"><span style=\"color: #000000;\">Puisque vous \u00eates ici\u2026<\/span><\/h2>\n<p><span style=\"color: #000000;\">\u2026 nous avons une faveur \u00e0 vous demander. \u00c0 la CSILC, nous travaillons sans rel\u00e2che afin de prot\u00e9ger et promouvoir les droits humains et les libert\u00e9s civiles dans le contexte de la soi-disant &#8220;guerre au terrorisme&#8221; au Canada. Nous ne recevons aucune aide financi\u00e8re des gouvernements municipaux, provinciaux et f\u00e9d\u00e9ral, ni d\u2019aucun parti politique.<\/span><\/p>\n<p><span style=\"color: #000000;\">Vous pouvez devenir notre m\u00e9c\u00e8ne sur Patreon et recevoir des r\u00e9compenses en \u00e9change de votre soutien. Vous pouvez donner aussi peu que 1$ par mois (c&#8217;est seulement 12$ par ann\u00e9e!) et vous pouvez vous d\u00e9sabonner en tout temps. Tout don nous aidera \u00e0 poursuivre notre travail.<\/span><\/p>\n<p><a href=\"https:\/\/www.patreon.com\/iclmg\" target=\"_blank\" rel=\"https:\/\/www.patreon.com\/iclmg noopener\"><img loading=\"lazy\" decoding=\"async\" class=\"aligncenter wp-image-4906\" src=\"http:\/\/iclmg.ca\/wp-content\/uploads\/2017\/09\/support-us-e1504751871654.png\" alt=\"support-us\" width=\"240\" height=\"61\" \/><\/a><\/p>\n<p><span style=\"color: #000000;\">Vous pouvez \u00e9galement faire un don unique ou donner mensuellement par Paypal en cliquant sur le bouton ci-dessous. Vous h\u00e9sitez \u00e0 donner? Consulter la page sur nos nombreuses\u00a0<a href=\"http:\/\/iclmg.ca\/fr\/a-propos\/realisations-et-acquis\/\">R\u00e9alisations et Acquis<\/a>\u00a0depuis\u00a02002. Merci de votre g\u00e9n\u00e9rosit\u00e9!<\/span><span style=\"color: #000000;\"><a style=\"color: #000000;\" href=\"http:\/\/iclmg.ca\/fr\/donner\/\"><strong><br \/>\n<\/strong><\/a><a href=\"http:\/\/iclmg.ca\/fr\/donner\/\" target=\"_blank\" rel=\"http:\/\/iclmg.ca\/fr\/donner\/ noopener\"><img loading=\"lazy\" decoding=\"async\" class=\"aligncenter wp-image-4201\" src=\"http:\/\/iclmg.ca\/wp-content\/uploads\/2017\/02\/bouton-faire-un-don-e1487111641869.jpg\" width=\"268\" height=\"54\" \/><\/a><\/span><\/p>\n<\/div>\n<\/td>\n<\/tr>\n<\/tbody>\n<\/table>\n","protected":false},"excerpt":{"rendered":"<p>La Coalition pour la surveillance internationale des libert\u00e9s civiles ajoute son appui \u00e0 l&#8217;appel pour une enqu\u00eate ind\u00e9pendante et publique sur le cas du Dr Hassan Diab. Vous pouvez lire notre lettre ouverte au Premier Ministre Justin Trudeau ci-dessous (t\u00e9l\u00e9chargez le PDF). Pour ajouter votre appui, visitez\u00a0Justice pour Hassan Diab. 7 mai 2018 Le tr\u00e8s [&hellip;]<\/p>\n","protected":false},"author":44,"featured_media":0,"comment_status":"closed","ping_status":"closed","sticky":false,"template":"","format":"standard","meta":{"_acf_changed":false,"jetpack_post_was_ever_published":false,"_jetpack_newsletter_access":"","_jetpack_dont_email_post_to_subs":false,"_jetpack_newsletter_tier_id":0,"_jetpack_memberships_contains_paywalled_content":false,"_jetpack_memberships_contains_paid_content":false,"footnotes":""},"categories":[6],"tags":[],"class_list":["post-5825","post","type-post","status-publish","format-standard","hentry","category-nouvelles-de-la-csilc","nouvelles-de-la-csilc"],"acf":[],"jetpack_featured_media_url":"","jetpack_shortlink":"https:\/\/wp.me\/p4gT3y-1vX","jetpack_sharing_enabled":true,"_links":{"self":[{"href":"https:\/\/iclmg.ca\/fr\/wp-json\/wp\/v2\/posts\/5825","targetHints":{"allow":["GET"]}}],"collection":[{"href":"https:\/\/iclmg.ca\/fr\/wp-json\/wp\/v2\/posts"}],"about":[{"href":"https:\/\/iclmg.ca\/fr\/wp-json\/wp\/v2\/types\/post"}],"author":[{"embeddable":true,"href":"https:\/\/iclmg.ca\/fr\/wp-json\/wp\/v2\/users\/44"}],"replies":[{"embeddable":true,"href":"https:\/\/iclmg.ca\/fr\/wp-json\/wp\/v2\/comments?post=5825"}],"version-history":[{"count":0,"href":"https:\/\/iclmg.ca\/fr\/wp-json\/wp\/v2\/posts\/5825\/revisions"}],"wp:attachment":[{"href":"https:\/\/iclmg.ca\/fr\/wp-json\/wp\/v2\/media?parent=5825"}],"wp:term":[{"taxonomy":"category","embeddable":true,"href":"https:\/\/iclmg.ca\/fr\/wp-json\/wp\/v2\/categories?post=5825"},{"taxonomy":"post_tag","embeddable":true,"href":"https:\/\/iclmg.ca\/fr\/wp-json\/wp\/v2\/tags?post=5825"}],"curies":[{"name":"wp","href":"https:\/\/api.w.org\/{rel}","templated":true}]}}