{"id":521,"date":"2012-05-19T14:25:54","date_gmt":"2012-05-19T18:25:54","guid":{"rendered":"https:\/\/iclmg.srv2.cfshosting.ca\/?p=521"},"modified":"2014-03-19T14:38:14","modified_gmt":"2014-03-19T18:38:14","slug":"declaration-du-ccr-contre-le-projet-de-loi-c-31","status":"publish","type":"post","link":"https:\/\/iclmg.ca\/fr\/declaration-du-ccr-contre-le-projet-de-loi-c-31\/","title":{"rendered":"D\u00e9claration du CCR contre le projet de loi C-31"},"content":{"rendered":"<p><span style=\"color: #ff0000\"><em>Mise \u00e0 jour: Le projet de loi C-31 a \u00e9t\u00e9 adopt\u00e9 en juin 2012 et est entr\u00e9 en vigueur en d\u00e9cembre 2012<\/em><\/span><\/p>\n<p>Joignez-vous au CCR et d&#8217;autres alli\u00e9s en sensibilisant le public et en vous exprimant sur les impacts que le projet de loi C-31 pourrait avoir sur les r\u00e9fugi\u00e9s au Canada. Le projet de loi rassemble des projets de lois ant\u00e9rieurs C-4 et C-49 sur la contrebande, qui servent \u00e0 punir les r\u00e9fugi\u00e9s plut\u00f4t que les passeurs. Exhortons le gouvernement \u00e0 retirer le projet de loi C-31 et \u00e0 le remplacer par une l\u00e9gislation qui soit \u00e9quitable, abordable et ind\u00e9pendante, et qui est conforme \u00e0 la Charte et aux obligations internationales du Canada. Voir la d\u00e9claration conjointe du CCR pour prot\u00e9ger les r\u00e9fugi\u00e9s contre le projet de loi C-31 \u00e0\u00a0<a href=\"http:\/\/ccrweb.ca\/en\/protect-refugees-c31-statement\">http:\/\/ccrweb.ca\/en\/protect-refugees-c31-statement<\/a>.<\/p>\n<p><strong>En savoir plus sur la campagne du CCR contre le projet de loi C-31 et agir \u00e0\u00a0<a href=\"http:\/\/ccrweb.ca\/en\/refugee-reform\" target=\"_blank\">http:\/\/ccrweb.ca\/en\/refugee-reform<\/a><\/strong><\/p>\n","protected":false},"excerpt":{"rendered":"<p>Mise \u00e0 jour: Le projet de loi C-31 a \u00e9t\u00e9 adopt\u00e9 en juin 2012 et est entr\u00e9 en vigueur en d\u00e9cembre 2012 Joignez-vous au CCR et d&#8217;autres alli\u00e9s en sensibilisant le public et en vous exprimant sur les impacts que le projet de loi C-31 pourrait avoir sur les r\u00e9fugi\u00e9s au Canada. Le projet de [&hellip;]<\/p>\n","protected":false},"author":44,"featured_media":517,"comment_status":"closed","ping_status":"closed","sticky":false,"template":"","format":"standard","meta":{"_acf_changed":false,"jetpack_post_was_ever_published":false,"_jetpack_newsletter_access":"","_jetpack_dont_email_post_to_subs":false,"_jetpack_newsletter_tier_id":0,"_jetpack_memberships_contains_paywalled_content":false,"_jetpack_memberships_contains_paid_content":false,"footnotes":""},"categories":[20],"tags":[],"class_list":["post-521","post","type-post","status-publish","format-standard","has-post-thumbnail","hentry","category-actions-passees","actions-passees"],"acf":[],"jetpack_featured_media_url":"https:\/\/iclmg.ca\/wp-content\/uploads\/2014\/03\/IMG_5651.jpg","jetpack_shortlink":"https:\/\/wp.me\/p4gT3y-8p","jetpack_sharing_enabled":true,"_links":{"self":[{"href":"https:\/\/iclmg.ca\/fr\/wp-json\/wp\/v2\/posts\/521","targetHints":{"allow":["GET"]}}],"collection":[{"href":"https:\/\/iclmg.ca\/fr\/wp-json\/wp\/v2\/posts"}],"about":[{"href":"https:\/\/iclmg.ca\/fr\/wp-json\/wp\/v2\/types\/post"}],"author":[{"embeddable":true,"href":"https:\/\/iclmg.ca\/fr\/wp-json\/wp\/v2\/users\/44"}],"replies":[{"embeddable":true,"href":"https:\/\/iclmg.ca\/fr\/wp-json\/wp\/v2\/comments?post=521"}],"version-history":[{"count":0,"href":"https:\/\/iclmg.ca\/fr\/wp-json\/wp\/v2\/posts\/521\/revisions"}],"wp:featuredmedia":[{"embeddable":true,"href":"https:\/\/iclmg.ca\/fr\/wp-json\/wp\/v2\/media\/517"}],"wp:attachment":[{"href":"https:\/\/iclmg.ca\/fr\/wp-json\/wp\/v2\/media?parent=521"}],"wp:term":[{"taxonomy":"category","embeddable":true,"href":"https:\/\/iclmg.ca\/fr\/wp-json\/wp\/v2\/categories?post=521"},{"taxonomy":"post_tag","embeddable":true,"href":"https:\/\/iclmg.ca\/fr\/wp-json\/wp\/v2\/tags?post=521"}],"curies":[{"name":"wp","href":"https:\/\/api.w.org\/{rel}","templated":true}]}}