{"id":449,"date":"2013-03-17T16:57:48","date_gmt":"2013-03-17T20:57:48","guid":{"rendered":"https:\/\/iclmg.srv2.cfshosting.ca\/?p=449"},"modified":"2014-03-17T16:59:14","modified_gmt":"2014-03-17T20:59:14","slug":"dites-a-stephen-harper-non-aux-drones-predateurs","status":"publish","type":"post","link":"https:\/\/iclmg.ca\/fr\/dites-a-stephen-harper-non-aux-drones-predateurs\/","title":{"rendered":"Dites \u00e0 Stephen Harper : Non aux drones pr\u00e9dateurs!"},"content":{"rendered":"<p><span style=\"color: #000000\">Le gouvernement de Stephen Harper veut d\u00e9penser\u00a0<strong>1 milliard de dollars pour acheter une flotte de drones pr\u00e9dateurs pour le Canada<\/strong>.<\/span><\/p>\n<p><strong><a href=\"http:\/\/www.ceasefire.ca\/?page_id=15016\" target=\"_blank\">Cliquez ici pour envoyer un courriel au Premier Ministre Harper pour lui signifier votre opposition \u00e0 l&#8217;achat de drones pr\u00e9dateurs d\u00e8s maintenant.<\/a><\/strong><\/p>\n<p><span style=\"color: #000000\">Ces armes controvers\u00e9es ont \u00e9t\u00e9 utilis\u00e9es pour le programme d&#8217;assassinats s\u00e9lectifs de la CIA, tuant des groupes de civils au passage. Des experts l\u00e9gaux ont sonn\u00e9 l&#8217;alarme entourant la fa\u00e7on dont ces armes sont utilis\u00e9es.<\/span><\/p>\n<p><span style=\"color: #000000\">Les drones pr\u00e9dateurs ne sont tout simplement pas pour le Canada.<\/span><\/p>\n<p><span style=\"color: #000000\">Cette action est une initiative de Ceasefire.ca, un r\u00e9seau tr\u00e8s efficace de plus de 20 000 Canadiens d\u00e9sirant que le Canada soit un leader pour la paix. Steven Staples de l&#8217;Institut Rideau a co-fond\u00e9 Ceasefire.ca il y a une d\u00e9cennie afin de permettre aux gens d&#8217;\u00eatre inform\u00e9s et de se mobiliser pour la paix.<\/span><\/p>\n<p><a href=\"http:\/\/www.ceasefire.ca\/?page_id=15016\" target=\"_blank\"><span style=\"font-family: verdana, geneva;font-size: medium\"><strong>Agissez maintenant!<\/strong><\/span><\/a><\/p>\n","protected":false},"excerpt":{"rendered":"<p>Le gouvernement de Stephen Harper veut d\u00e9penser\u00a01 milliard de dollars pour acheter une flotte de drones pr\u00e9dateurs pour le Canada. Cliquez ici pour envoyer un courriel au Premier Ministre Harper pour lui signifier votre opposition \u00e0 l&#8217;achat de drones pr\u00e9dateurs d\u00e8s maintenant. Ces armes controvers\u00e9es ont \u00e9t\u00e9 utilis\u00e9es pour le programme d&#8217;assassinats s\u00e9lectifs de la [&hellip;]<\/p>\n","protected":false},"author":44,"featured_media":383,"comment_status":"closed","ping_status":"closed","sticky":false,"template":"","format":"standard","meta":{"_acf_changed":false,"jetpack_post_was_ever_published":false,"_jetpack_newsletter_access":"","_jetpack_dont_email_post_to_subs":false,"_jetpack_newsletter_tier_id":0,"_jetpack_memberships_contains_paywalled_content":false,"_jetpack_memberships_contains_paid_content":false,"footnotes":""},"categories":[20],"tags":[],"class_list":["post-449","post","type-post","status-publish","format-standard","has-post-thumbnail","hentry","category-actions-passees","actions-passees"],"acf":[],"jetpack_featured_media_url":"https:\/\/iclmg.ca\/wp-content\/uploads\/2014\/03\/195-35.jpeg","jetpack_shortlink":"https:\/\/wp.me\/p4gT3y-7f","jetpack_sharing_enabled":true,"_links":{"self":[{"href":"https:\/\/iclmg.ca\/fr\/wp-json\/wp\/v2\/posts\/449","targetHints":{"allow":["GET"]}}],"collection":[{"href":"https:\/\/iclmg.ca\/fr\/wp-json\/wp\/v2\/posts"}],"about":[{"href":"https:\/\/iclmg.ca\/fr\/wp-json\/wp\/v2\/types\/post"}],"author":[{"embeddable":true,"href":"https:\/\/iclmg.ca\/fr\/wp-json\/wp\/v2\/users\/44"}],"replies":[{"embeddable":true,"href":"https:\/\/iclmg.ca\/fr\/wp-json\/wp\/v2\/comments?post=449"}],"version-history":[{"count":0,"href":"https:\/\/iclmg.ca\/fr\/wp-json\/wp\/v2\/posts\/449\/revisions"}],"wp:featuredmedia":[{"embeddable":true,"href":"https:\/\/iclmg.ca\/fr\/wp-json\/wp\/v2\/media\/383"}],"wp:attachment":[{"href":"https:\/\/iclmg.ca\/fr\/wp-json\/wp\/v2\/media?parent=449"}],"wp:term":[{"taxonomy":"category","embeddable":true,"href":"https:\/\/iclmg.ca\/fr\/wp-json\/wp\/v2\/categories?post=449"},{"taxonomy":"post_tag","embeddable":true,"href":"https:\/\/iclmg.ca\/fr\/wp-json\/wp\/v2\/tags?post=449"}],"curies":[{"name":"wp","href":"https:\/\/api.w.org\/{rel}","templated":true}]}}