{"id":1845,"date":"2015-06-16T14:33:22","date_gmt":"2015-06-16T18:33:22","guid":{"rendered":"https:\/\/iclmg.srv2.cfshosting.ca\/?p=1845"},"modified":"2015-10-28T17:07:06","modified_gmt":"2015-10-28T21:07:06","slug":"kill-bill-c-51-exigez-des-leaders-de-partis-quils-sengagent-a-abroger-c-51","status":"publish","type":"post","link":"https:\/\/iclmg.ca\/fr\/kill-bill-c-51-exigez-des-leaders-de-partis-quils-sengagent-a-abroger-c-51\/","title":{"rendered":"Exigez des leaders de partis qu&#8217;ils s&#8217;engagent \u00e0 abroger C-51"},"content":{"rendered":"<div id=\"webform-component-statements\" class=\"form-item webform-component webform-component-markup\">\n<p><a href=\"http:\/\/iclmg.ca\/wp-content\/uploads\/2015\/09\/Cover-photo-e1442347990810.jpg\"><img loading=\"lazy\" decoding=\"async\" class=\"alignnone wp-image-2165 size-full\" src=\"http:\/\/iclmg.ca\/wp-content\/uploads\/2015\/09\/Cover-photo-e1442347990810.jpg\" alt=\"\" width=\"608\" height=\"314\" \/><\/a><\/p>\n<p>Open Media &#8211; 271 060 Canadien.nes se sont prononc\u00e9.es contre le projet de loi C-51.<\/p>\n<p>Le gouvernement vous a\u00a0ignor\u00e9 et il l&#8217;a fait adopt\u00e9 \u00e0 la h\u00e2te au Parlement.<\/p>\n<p><strong>Il est temps d&#8217;exiger de chacun des dirigeants de parti qu&#8217;illes s&#8217;engagent \u00e0 abroger\u00a0C-51!<\/strong><\/p>\n<\/div>\n<div id=\"webform-component-top\" class=\"form-item webform-component webform-component-markup\">\n<h1><a href=\"https:\/\/killc51.ca\/fr\" target=\"_blank\">AGISSEZ MAINTENANT<\/a><\/h1>\n<p>Toute l&#8217;information sur la Loi antiterroriste de 2015 (ancien project de loi C-51) <a href=\"http:\/\/iclmg.ca\/fr\/enjeux\/projet-de-loi-c-51-la-loi-antiterroriste-de-2015\/\">ici<\/a>.<\/p>\n<\/div>\n","protected":false},"excerpt":{"rendered":"<p>Open Media &#8211; 271 060 Canadien.nes se sont prononc\u00e9.es contre le projet de loi C-51. Le gouvernement vous a\u00a0ignor\u00e9 et il l&#8217;a fait adopt\u00e9 \u00e0 la h\u00e2te au Parlement. Il est temps d&#8217;exiger de chacun des dirigeants de parti qu&#8217;illes s&#8217;engagent \u00e0 abroger\u00a0C-51! AGISSEZ MAINTENANT Toute l&#8217;information sur la Loi antiterroriste de 2015 (ancien project [&hellip;]<\/p>\n","protected":false},"author":44,"featured_media":0,"comment_status":"closed","ping_status":"closed","sticky":false,"template":"","format":"standard","meta":{"_acf_changed":false,"jetpack_post_was_ever_published":false,"_jetpack_newsletter_access":"","_jetpack_dont_email_post_to_subs":false,"_jetpack_newsletter_tier_id":0,"_jetpack_memberships_contains_paywalled_content":false,"_jetpack_memberships_contains_paid_content":false,"footnotes":""},"categories":[20],"tags":[24],"class_list":["post-1845","post","type-post","status-publish","format-standard","hentry","category-actions-passees","tag-front-page-slider-fr","actions-passees"],"acf":[],"jetpack_featured_media_url":"","jetpack_shortlink":"https:\/\/wp.me\/p4gT3y-tL","jetpack_sharing_enabled":true,"_links":{"self":[{"href":"https:\/\/iclmg.ca\/fr\/wp-json\/wp\/v2\/posts\/1845","targetHints":{"allow":["GET"]}}],"collection":[{"href":"https:\/\/iclmg.ca\/fr\/wp-json\/wp\/v2\/posts"}],"about":[{"href":"https:\/\/iclmg.ca\/fr\/wp-json\/wp\/v2\/types\/post"}],"author":[{"embeddable":true,"href":"https:\/\/iclmg.ca\/fr\/wp-json\/wp\/v2\/users\/44"}],"replies":[{"embeddable":true,"href":"https:\/\/iclmg.ca\/fr\/wp-json\/wp\/v2\/comments?post=1845"}],"version-history":[{"count":0,"href":"https:\/\/iclmg.ca\/fr\/wp-json\/wp\/v2\/posts\/1845\/revisions"}],"wp:attachment":[{"href":"https:\/\/iclmg.ca\/fr\/wp-json\/wp\/v2\/media?parent=1845"}],"wp:term":[{"taxonomy":"category","embeddable":true,"href":"https:\/\/iclmg.ca\/fr\/wp-json\/wp\/v2\/categories?post=1845"},{"taxonomy":"post_tag","embeddable":true,"href":"https:\/\/iclmg.ca\/fr\/wp-json\/wp\/v2\/tags?post=1845"}],"curies":[{"name":"wp","href":"https:\/\/api.w.org\/{rel}","templated":true}]}}