{"id":1543,"date":"2015-03-30T14:12:21","date_gmt":"2015-03-30T18:12:21","guid":{"rendered":"https:\/\/iclmg.srv2.cfshosting.ca\/?p=1543"},"modified":"2025-02-04T15:21:32","modified_gmt":"2025-02-04T20:21:32","slug":"communique-les-organisations-canadiennes-de-defense-des-droits-humains-lancent-un-appel-urgent-pour-le-retrait-du-projet-de-loi-c-51","status":"publish","type":"post","link":"https:\/\/iclmg.ca\/fr\/communique-les-organisations-canadiennes-de-defense-des-droits-humains-lancent-un-appel-urgent-pour-le-retrait-du-projet-de-loi-c-51\/","title":{"rendered":"Communiqu\u00e9: Les organisations canadiennes de d\u00e9fense des droits humains lancent un appel urgent pour le retrait du Projet de loi C-51"},"content":{"rendered":"<div id=\"attachment_10184\" style=\"width: 1680px\" class=\"wp-caption alignnone\"><img loading=\"lazy\" decoding=\"async\" aria-describedby=\"caption-attachment-10184\" class=\"size-full wp-image-10184\" src=\"https:\/\/iclmg.ca\/wp-content\/uploads\/2024\/09\/Page-7-No-State-Terrorism-Obert-Madondo-18750764261_7d0bbd4529_o-e1737996262708.jpg\" alt=\"\" width=\"1670\" height=\"1060\" srcset=\"https:\/\/iclmg.ca\/wp-content\/uploads\/2024\/09\/Page-7-No-State-Terrorism-Obert-Madondo-18750764261_7d0bbd4529_o-e1737996262708.jpg 1670w, https:\/\/iclmg.ca\/wp-content\/uploads\/2024\/09\/Page-7-No-State-Terrorism-Obert-Madondo-18750764261_7d0bbd4529_o-e1737996262708-768x487.jpg 768w, https:\/\/iclmg.ca\/wp-content\/uploads\/2024\/09\/Page-7-No-State-Terrorism-Obert-Madondo-18750764261_7d0bbd4529_o-e1737996262708-1536x975.jpg 1536w, https:\/\/iclmg.ca\/wp-content\/uploads\/2024\/09\/Page-7-No-State-Terrorism-Obert-Madondo-18750764261_7d0bbd4529_o-e1737996262708-624x396.jpg 624w, https:\/\/iclmg.ca\/wp-content\/uploads\/2024\/09\/Page-7-No-State-Terrorism-Obert-Madondo-18750764261_7d0bbd4529_o-e1737996262708-300x190.jpg 300w, https:\/\/iclmg.ca\/wp-content\/uploads\/2024\/09\/Page-7-No-State-Terrorism-Obert-Madondo-18750764261_7d0bbd4529_o-e1737996262708-1024x650.jpg 1024w\" sizes=\"auto, (max-width: 1670px) 100vw, 1670px\" \/><p id=\"caption-attachment-10184\" class=\"wp-caption-text\">Rally on Parliament Hill against Bill C-51. Credit: Obert Madondo<\/p><\/div>\n<p>Aujourd\u2019hui, alors que le Comit\u00e9 permanent de la Chambre des communes de la s\u00e9curit\u00e9 publique et la s\u00e9curit\u00e9 nationale commence son examen article par article du Projet de loi C-51 (Loi antiterroriste, 2015), sept des principales organisations de d\u00e9fense des droits humains du Canada ont demand\u00e9 \u00e0 nouveau son retrait de l&#8217;ordre du jour.<\/p>\n<p>D\u00e8s le d\u00e9but des audiences du Comit\u00e9 le 9 mars 2015, des t\u00e9moins experts repr\u00e9sentant une vaste gamme de points de vue et d&#8217;opinions se sont dits pr\u00e9occup\u00e9s par ce Projet de loi. \u00c0 mesure que les Canadiens comprennent mieux ce qu&#8217;il repr\u00e9sente, on note une mont\u00e9e des inqui\u00e9tudes et de l&#8217;opposition du public, comme le montre le nombre croissant des gens qui participent aux manifestations et qui signent des p\u00e9titions et des lettres. Entre-temps, des \u00e9ditoriaux et commentateurs repr\u00e9sentant toutes les tendances de l&#8217;\u00e9chiquier politique continuent de critiquer le C-51, ainsi que le cadre utilis\u00e9 pour son examen au Parlement.<\/p>\n<p>D\u00e8s l&#8217;annonce du C-51, Amnistie internationale, la British Columbia Civil Liberties Association, l\u2019Association canadienne des libert\u00e9s civiles, l\u2019Association canadienne des avocats musulmans, l\u2019International Civil Liberties Monitoring Group, la Ligue des droits et libert\u00e9s et le Conseil national des musulmans canadiens ont d\u00e9clar\u00e9 que les atteintes aux droits humains y \u00e9taient si nombreuses et qu&#8217;elles \u00e9taient li\u00e9es de fa\u00e7on si inextricable que son retrait s&#8217;imposait. Ces organisations ont d\u00e9clar\u00e9 qu&#8217;avant toute reforme des lois sur la s\u00e9curit\u00e9 nationale, il fallait d&#8217;abord en d\u00e9montrer la n\u00e9cessit\u00e9 de mani\u00e8re convaincante et que si le gouvernement d\u00e9cidait d&#8217;aller de l&#8217;avant, il devait le faire d&#8217;une fa\u00e7on totalement harmonis\u00e9e avec la Charte de droits et libert\u00e9s et conform\u00e9ment aux obligations internationales du Canada en mati\u00e8re de droits humains.\u00a0<a href=\"http:\/\/iclmg.ca\/wp-content\/uploads\/2015\/03\/March-30-press-release-vf.pdf\">Lire plus<\/a><\/p>\n","protected":false},"excerpt":{"rendered":"<p>Aujourd\u2019hui, alors que le Comit\u00e9 permanent de la Chambre des communes de la s\u00e9curit\u00e9 publique et la s\u00e9curit\u00e9 nationale commence son examen article par article du Projet de loi C-51 (Loi antiterroriste, 2015), sept des principales organisations de d\u00e9fense des droits humains du Canada ont demand\u00e9 \u00e0 nouveau son retrait de l&#8217;ordre du jour. D\u00e8s [&hellip;]<\/p>\n","protected":false},"author":44,"featured_media":0,"comment_status":"closed","ping_status":"closed","sticky":false,"template":"","format":"standard","meta":{"_acf_changed":false,"jetpack_post_was_ever_published":false,"_jetpack_newsletter_access":"","_jetpack_dont_email_post_to_subs":false,"_jetpack_newsletter_tier_id":0,"_jetpack_memberships_contains_paywalled_content":false,"_jetpack_memberships_contains_paid_content":false,"footnotes":""},"categories":[6],"tags":[],"class_list":["post-1543","post","type-post","status-publish","format-standard","hentry","category-nouvelles-de-la-csilc","nouvelles-de-la-csilc"],"acf":[],"jetpack_featured_media_url":"","jetpack_shortlink":"https:\/\/wp.me\/p4gT3y-oT","jetpack_sharing_enabled":true,"_links":{"self":[{"href":"https:\/\/iclmg.ca\/fr\/wp-json\/wp\/v2\/posts\/1543","targetHints":{"allow":["GET"]}}],"collection":[{"href":"https:\/\/iclmg.ca\/fr\/wp-json\/wp\/v2\/posts"}],"about":[{"href":"https:\/\/iclmg.ca\/fr\/wp-json\/wp\/v2\/types\/post"}],"author":[{"embeddable":true,"href":"https:\/\/iclmg.ca\/fr\/wp-json\/wp\/v2\/users\/44"}],"replies":[{"embeddable":true,"href":"https:\/\/iclmg.ca\/fr\/wp-json\/wp\/v2\/comments?post=1543"}],"version-history":[{"count":0,"href":"https:\/\/iclmg.ca\/fr\/wp-json\/wp\/v2\/posts\/1543\/revisions"}],"wp:attachment":[{"href":"https:\/\/iclmg.ca\/fr\/wp-json\/wp\/v2\/media?parent=1543"}],"wp:term":[{"taxonomy":"category","embeddable":true,"href":"https:\/\/iclmg.ca\/fr\/wp-json\/wp\/v2\/categories?post=1543"},{"taxonomy":"post_tag","embeddable":true,"href":"https:\/\/iclmg.ca\/fr\/wp-json\/wp\/v2\/tags?post=1543"}],"curies":[{"name":"wp","href":"https:\/\/api.w.org\/{rel}","templated":true}]}}