{"id":10100,"date":"2024-06-19T15:42:25","date_gmt":"2024-06-19T19:42:25","guid":{"rendered":"https:\/\/iclmg.ca\/fr\/?p=10100"},"modified":"2024-06-19T15:42:25","modified_gmt":"2024-06-19T19:42:25","slug":"c-70-droits-menaces","status":"publish","type":"post","link":"https:\/\/iclmg.ca\/fr\/c-70-droits-menaces\/","title":{"rendered":"Les droits garantis par la Charte seront menac\u00e9s si le S\u00e9nat ne modifie pas le projet de loi sur l&#8217;ing\u00e9rence \u00e9trang\u00e8re"},"content":{"rendered":"<h3><\/h3>\n<h3><a href=\"https:\/\/iclmg.ca\/wp-content\/uploads\/2024\/06\/charte-censuree1.png\"><img loading=\"lazy\" decoding=\"async\" class=\"alignnone size-full wp-image-10105\" src=\"https:\/\/iclmg.ca\/wp-content\/uploads\/2024\/06\/charte-censuree1.png\" alt=\"\" width=\"600\" height=\"403\" \/><\/a><\/h3>\n<h3><b>Les droits garantis par la Charte seront menac\u00e9s si le S\u00e9nat ne modifie pas le projet de loi sur l&#8217;ing\u00e9rence \u00e9trang\u00e8re<\/b><\/h3>\n<h3><i><span style=\"font-weight: 400;\">S&#8217;ils n&#8217;agissent pas, nous le ferons, disent des groupes de la soci\u00e9t\u00e9 civile<\/span><\/i><\/h3>\n<p><span style=\"font-weight: 400;\">19 JUIN 2024 &#8211; Dans sa h\u00e2te de faire, et d&#8217;\u00eatre per\u00e7ue comme faisant, quelque chose au sujet du probl\u00e8me tr\u00e8s r\u00e9el de l&#8217;ing\u00e9rence \u00e9trang\u00e8re, la Chambre des communes a adopt\u00e9 en quelques heures le projet de loi C-70, <\/span><i><span style=\"font-weight: 400;\">Loi concernant la lutte contre l&#8217;ing\u00e9rence \u00e9trang\u00e8re<\/span><\/i><span style=\"font-weight: 400;\">, lequel est bien intentionn\u00e9 mais profond\u00e9ment d\u00e9fectueux. Soumis \u00e0 une pression \u00e9norme, il semble que le S\u00e9nat fera de m\u00eame aujourd&#8217;hui.<\/span><\/p>\n<p><span style=\"font-weight: 400;\">En raison de son libell\u00e9 vague et mal formul\u00e9, le projet de loi aura probablement des r\u00e9percussions importantes \u2013 de fa\u00e7on directe et sous la forme d&#8217;un effet dissuasif \u2013 sur la libert\u00e9 d&#8217;expression, la libert\u00e9 d&#8217;association, la libert\u00e9 de r\u00e9union et le droit \u00e0 la vie priv\u00e9e, et il pourrait bien \u00eatre utilis\u00e9 pour profiler des personnes pour des motifs politiques, raciaux, religieux ou de nationalit\u00e9. La loi permettra de saper la libert\u00e9 acad\u00e9mique, la libert\u00e9 de presse, le droit de manifester et de s&#8217;engager dans la dissidence, ainsi que des efforts de coop\u00e9ration et de solidarit\u00e9 internationales.<\/span><\/p>\n<p><span style=\"font-weight: 400;\">Cela pourrait signifier de mettre fin \u00e0 des manifestations l\u00e9gitimes per\u00e7ues par les forces de l&#8217;ordre comme \u00e9tant organis\u00e9es au profit d&#8217;un \u00c9tat \u00e9tranger. Cela pourrait \u00e9galement signifier d\u2019obliger les universit\u00e9s \u00e0 fournir des informations au Registre en mati\u00e8re d\u2019influence \u00e9trang\u00e8re si elles travaillent sur un projet de recherche en association avec une universit\u00e9 \u00e9trang\u00e8re qui se trouve \u00e0 \u00eatre la propri\u00e9t\u00e9 d\u2019un \u00c9tat \u00e9tranger.<\/span><\/p>\n<p><span style=\"font-weight: 400;\">Si le S\u00e9nat manque \u00e0 sa responsabilit\u00e9 \u00e0 titre de chambre du second examen objectif en adoptant le projet de loi C-70 sans prendre le temps de l&#8217;\u00e9tudier et de l&#8217;amender ad\u00e9quatement, le Centre pour la libert\u00e9 d&#8217;expression et la Coalition pour la surveillance internationale des libert\u00e9s civiles pr\u00e9voient de cr\u00e9er un m\u00e9canisme surveillant l&#8217;utilisation qui sera faite de la loi.<\/span><\/p>\n<p><span style=\"font-weight: 400;\">Il s&#8217;agira d&#8217;un portail web o\u00f9 les individus pourront signaler les cas o\u00f9 ils estiment que leurs droits \u00e0 la vie priv\u00e9e, \u00e0 la libert\u00e9 d&#8217;expression, \u00e0 la libert\u00e9 de r\u00e9union ou \u00e0 la libert\u00e9 d&#8217;association, prot\u00e9g\u00e9s par la Charte ainsi que par le droit international, ont \u00e9t\u00e9 viol\u00e9s dans le cadre de cette nouvelle loi.<\/span><\/p>\n<p><span style=\"font-weight: 400;\">Les informations communiqu\u00e9es resteront confidentielles et seront utilis\u00e9es pour suivre et rendre compte (sans identifier les personnes concern\u00e9es et en garantissant l&#8217;anonymat sur demande) de l&#8217;impact de la <\/span><i><span style=\"font-weight: 400;\">Loi concernant la lutte contre l&#8217;ing\u00e9rence \u00e9trang\u00e8re<\/span><\/i><span style=\"font-weight: 400;\">. Bien qu&#8217;il ne soit pas possible de garantir quelque soutien juridique ou autre, tous les rapports seront examin\u00e9s et, le cas \u00e9ch\u00e9ant, il sera possible d&#8217;assurer un suivi avec les personnes concern\u00e9es en vue d&#8217;une action ult\u00e9rieure (communication aux m\u00e9dias, action en justice, etc.).<\/span><\/p>\n<p><span style=\"font-weight: 400;\">L&#8217;objectif d\u00e9clar\u00e9 de la nouvelle l\u00e9gislation canadienne sur l&#8217;ing\u00e9rence \u00e9trang\u00e8re est de prot\u00e9ger la participation et les processus d\u00e9mocratiques au Canada. Cet objectif ne peut \u00eatre atteint si, de fa\u00e7on concomitante, la l\u00e9gislation permet de porter atteinte \u00e0 ces m\u00eames droits. Le portail aidera \u00e0 s\u2019assurer de la protection des droits des Canadiens.<\/span><\/p>\n<p><strong>Signataires :<\/strong><\/p>\n<p><span style=\"font-weight: 400;\">Amnistie Internationale, Section canadienne anglophone<br \/>\n<\/span><span style=\"font-weight: 400;\">Association canadienne des libert\u00e9s civiles<br \/>\n<\/span><span style=\"font-weight: 400;\">Association canadienne des professeures et professeurs d\u2019universit\u00e9<br \/>\n<\/span><span style=\"font-weight: 400;\">Association des libert\u00e9s civiles de la Colombie-Britannique<br \/>\n<\/span><span style=\"font-weight: 400;\">Coalition pour la surveillance internationale des libert\u00e9s civiles<br \/>\n<\/span><span style=\"font-weight: 400;\">Conseil canadien des affaires publiques musulmanes<br \/>\n<\/span><span style=\"font-weight: 400;\">Conseil du Canada de l\u2019acc\u00e8s et la vie priv\u00e9e<\/span><span style=\"font-weight: 400;\"><br \/>\n<\/span><span style=\"font-weight: 400;\">Centre pour la libert\u00e9 d\u2019expression<br \/>\n<\/span><span style=\"font-weight: 400;\">OpenMedia<br \/>\n<\/span><span style=\"font-weight: 400;\">Voix juives ind\u00e9pendantes Canada<\/span><\/p>\n<p style=\"text-align: center;\"><span style=\"font-weight: 400;\">&#8211; 30 &#8211;<\/span><\/p>\n<p><b>Pour plus d\u2019informations :<\/b><\/p>\n<p><span style=\"font-weight: 400;\">Tim McSorley<br \/>\n<\/span><span style=\"font-weight: 400;\">Coordinateur national<br \/>\n<\/span><span style=\"font-weight: 400;\">Coalition pour la surveillance internationale des libert\u00e9s civiles<br \/>\n<\/span><span style=\"font-weight: 400;\">613-241-5298<\/span><span style=\"font-weight: 400;\"><br \/>\n<\/span><span style=\"font-weight: 400;\">national.coordination@iclmg.ca<\/span><\/p>\n<p><span style=\"font-weight: 400;\">Jim Turk<\/span><span style=\"font-weight: 400;\"><br \/>\n<\/span><span style=\"font-weight: 400;\">Directeur<\/span><span style=\"font-weight: 400;\"><br \/>\n<\/span><span style=\"font-weight: 400;\">Centre pour la libert\u00e9 d\u2019expression<\/span><span style=\"font-weight: 400;\"><br \/>\n<\/span><span style=\"font-weight: 400;\">613-277-0488<\/span><span style=\"font-weight: 400;\"><br \/>\n<\/span><span style=\"font-weight: 400;\">jim@jameslturk.com<\/span><\/p>\n<table style=\"border-color: #fcfcfc; background-color: #d6d4d4; height: 324px;\" width=\"625\">\n<tbody>\n<tr>\n<td style=\"width: 613px;\">\n<div>\n<h2 class=\"contributions__title contributions__title--epic\"><span style=\"color: #000000;\">Puisque vous \u00eates ici\u2026<\/span><\/h2>\n<p><span style=\"color: #000000;\">\u2026 nous avons une faveur \u00e0 vous demander. \u00c0 la CSILC, nous travaillons sans rel\u00e2che afin de prot\u00e9ger et promouvoir les droits humains et les libert\u00e9s civiles dans le contexte de la soi-disant &#8220;guerre au terrorisme&#8221; au Canada. Nous ne recevons aucune aide financi\u00e8re des gouvernements municipaux, provinciaux et f\u00e9d\u00e9ral, ni d\u2019aucun parti politique.<\/span><span style=\"color: #000000;\">Vous pouvez devenir notre m\u00e9c\u00e8ne sur Patreon et recevoir des r\u00e9compenses en \u00e9change de votre soutien. Vous pouvez donner aussi peu que 1$ par mois (c&#8217;est seulement 12$ par ann\u00e9e!) et vous pouvez vous d\u00e9sabonner en tout temps. Tout don nous aidera \u00e0 poursuivre notre travail.<\/span><a href=\"https:\/\/www.patreon.com\/iclmg\" target=\"_blank\" rel=\"https:\/\/www.patreon.com\/iclmg noopener noreferrer\"><img loading=\"lazy\" decoding=\"async\" class=\"aligncenter wp-image-4906\" src=\"http:\/\/iclmg.ca\/wp-content\/uploads\/2017\/09\/support-us-e1504751871654.png\" alt=\"support-us\" width=\"240\" height=\"61\" \/><\/a><span style=\"color: #000000;\">Vous pouvez \u00e9galement faire un don unique ou donner mensuellement par Paypal en cliquant sur le bouton ci-dessous. Vous h\u00e9sitez \u00e0 donner? Consulter la page sur nos nombreuses <a href=\"http:\/\/iclmg.ca\/fr\/a-propos\/realisations-et-acquis\/\">R\u00e9alisations et Acquis<\/a> depuis 2002. Merci de votre g\u00e9n\u00e9rosit\u00e9!<\/span><span style=\"color: #000000;\"><a style=\"color: #000000;\" href=\"http:\/\/iclmg.ca\/fr\/donner\/\"><strong><br \/>\n<\/strong><\/a><a href=\"http:\/\/iclmg.ca\/fr\/donner\/\" target=\"_blank\" rel=\"http:\/\/iclmg.ca\/fr\/donner\/ noopener noreferrer\"><img loading=\"lazy\" decoding=\"async\" class=\"aligncenter wp-image-4201\" src=\"http:\/\/iclmg.ca\/wp-content\/uploads\/2017\/02\/bouton-faire-un-don-e1487111641869.jpg\" width=\"268\" height=\"54\" \/><\/a><\/span><\/p>\n<\/div>\n<\/td>\n<\/tr>\n<\/tbody>\n<\/table>\n","protected":false},"excerpt":{"rendered":"<p>Les droits garantis par la Charte seront menac\u00e9s si le S\u00e9nat ne modifie pas le projet de loi sur l&#8217;ing\u00e9rence \u00e9trang\u00e8re S&#8217;ils n&#8217;agissent pas, nous le ferons, disent des groupes de la soci\u00e9t\u00e9 civile 19 JUIN 2024 &#8211; Dans sa h\u00e2te de faire, et d&#8217;\u00eatre per\u00e7ue comme faisant, quelque chose au sujet du probl\u00e8me tr\u00e8s [&hellip;]<\/p>\n","protected":false},"author":44,"featured_media":10105,"comment_status":"closed","ping_status":"closed","sticky":false,"template":"","format":"standard","meta":{"_acf_changed":false,"jetpack_post_was_ever_published":false,"_jetpack_newsletter_access":"","_jetpack_dont_email_post_to_subs":false,"_jetpack_newsletter_tier_id":0,"_jetpack_memberships_contains_paywalled_content":false,"_jetpack_memberships_contains_paid_content":false,"footnotes":""},"categories":[6],"tags":[],"class_list":["post-10100","post","type-post","status-publish","format-standard","has-post-thumbnail","hentry","category-nouvelles-de-la-csilc","nouvelles-de-la-csilc"],"acf":[],"jetpack_featured_media_url":"https:\/\/iclmg.ca\/wp-content\/uploads\/2024\/06\/charte-censuree1.png","jetpack_shortlink":"https:\/\/wp.me\/p4gT3y-2CU","jetpack_sharing_enabled":true,"_links":{"self":[{"href":"https:\/\/iclmg.ca\/fr\/wp-json\/wp\/v2\/posts\/10100","targetHints":{"allow":["GET"]}}],"collection":[{"href":"https:\/\/iclmg.ca\/fr\/wp-json\/wp\/v2\/posts"}],"about":[{"href":"https:\/\/iclmg.ca\/fr\/wp-json\/wp\/v2\/types\/post"}],"author":[{"embeddable":true,"href":"https:\/\/iclmg.ca\/fr\/wp-json\/wp\/v2\/users\/44"}],"replies":[{"embeddable":true,"href":"https:\/\/iclmg.ca\/fr\/wp-json\/wp\/v2\/comments?post=10100"}],"version-history":[{"count":0,"href":"https:\/\/iclmg.ca\/fr\/wp-json\/wp\/v2\/posts\/10100\/revisions"}],"wp:featuredmedia":[{"embeddable":true,"href":"https:\/\/iclmg.ca\/fr\/wp-json\/wp\/v2\/media\/10105"}],"wp:attachment":[{"href":"https:\/\/iclmg.ca\/fr\/wp-json\/wp\/v2\/media?parent=10100"}],"wp:term":[{"taxonomy":"category","embeddable":true,"href":"https:\/\/iclmg.ca\/fr\/wp-json\/wp\/v2\/categories?post=10100"},{"taxonomy":"post_tag","embeddable":true,"href":"https:\/\/iclmg.ca\/fr\/wp-json\/wp\/v2\/tags?post=10100"}],"curies":[{"name":"wp","href":"https:\/\/api.w.org\/{rel}","templated":true}]}}